{"id":23,"date":"2021-07-02T19:59:45","date_gmt":"2021-07-02T17:59:45","guid":{"rendered":"https:\/\/podcast.ok-nahetv.de\/demokratie-erklaert\/?p=23"},"modified":"2021-07-02T20:03:28","modified_gmt":"2021-07-02T18:03:28","slug":"willkommen-bei-demokratie-erklaert","status":"publish","type":"post","link":"https:\/\/podcast.ok-nahetv.de\/demokratie-erklaert\/2021\/07\/02\/willkommen-bei-demokratie-erklaert\/","title":{"rendered":"Willkommen bei &#8222;Demokratie Erkl\u00e4rt&#8220;"},"content":{"rendered":"\n<p><em>Vom Bundestag hat fast jeder schon geh\u00f6rt &#8211; schlie\u00dflich w\u00e4hlen wir alle vier Jahre die Abgeordneten. Doch was genau machen die dann im Bundestag? Und was macht nochmal der Bundesrat?<\/em><\/p>\n\n\n\n<p>&#8222;Demokratie erkl\u00e4rt&#8220; m\u00f6chte diese Fragen beantworten &#8211; und noch viele andere. Host Lukas Herzog bespricht verschiedene Themen unseres politischen Systems mit G\u00e4sten aus Wissenschaft und Politik &#8211; von der Gewaltenteilung \u00fcber die demokratischen Institutionen bis hin zu Anekoten aus der politischen Arbeit. <\/p>\n\n\n\n<blockquote class=\"wp-block-quote is-layout-flow wp-block-quote-is-layout-flow\"><p>Nat\u00fcrlich beantworten wir auch eure Fragen! Schreibt uns per Mail oder kommentiert unter die Episoden!<\/p><\/blockquote>\n\n\n\n<p>Ein Podcast der <a href=\"https:\/\/demokratie-leben-birkenfeld.de\/\">Partnerschaft f\u00fcr Demokratie im Nationalparklandkreis Birkenfeld<\/a> mit Unterst\u00fctzung von <a rel=\"noreferrer noopener\" href=\"https:\/\/ok-nahetv.de\" data-type=\"URL\" data-id=\"https:\/\/ok-nahetv.de\" target=\"_blank\">naheTV | Studio Idar-Oberstein<\/a>.<\/p>\n\n\n\n<figure class=\"wp-block-image size-large\"><img loading=\"lazy\" decoding=\"async\" width=\"1024\" height=\"347\" src=\"https:\/\/podcast.ok-nahetv.de\/demokratie-erklaert\/wp-content\/uploads\/sites\/2\/2021\/07\/BMFSFJ_DL_mitFoerderzusatz-1024x347.png\" alt=\"\" class=\"wp-image-25\" srcset=\"https:\/\/podcast.ok-nahetv.de\/demokratie-erklaert\/wp-content\/uploads\/sites\/2\/2021\/07\/BMFSFJ_DL_mitFoerderzusatz-1024x347.png 1024w, https:\/\/podcast.ok-nahetv.de\/demokratie-erklaert\/wp-content\/uploads\/sites\/2\/2021\/07\/BMFSFJ_DL_mitFoerderzusatz-300x102.png 300w, https:\/\/podcast.ok-nahetv.de\/demokratie-erklaert\/wp-content\/uploads\/sites\/2\/2021\/07\/BMFSFJ_DL_mitFoerderzusatz-768x260.png 768w, https:\/\/podcast.ok-nahetv.de\/demokratie-erklaert\/wp-content\/uploads\/sites\/2\/2021\/07\/BMFSFJ_DL_mitFoerderzusatz-1536x520.png 1536w, https:\/\/podcast.ok-nahetv.de\/demokratie-erklaert\/wp-content\/uploads\/sites\/2\/2021\/07\/BMFSFJ_DL_mitFoerderzusatz.png 1677w\" sizes=\"auto, (max-width: 1024px) 100vw, 1024px\" \/><\/figure>\n\n\n\n<p><\/p>\n","protected":false},"excerpt":{"rendered":"<p>Vom Bundestag hat fast jeder schon geh\u00f6rt &#8211; schlie\u00dflich w\u00e4hlen wir alle vier Jahre die Abgeordneten. Doch was genau machen<\/p>\n","protected":false},"author":3,"featured_media":0,"comment_status":"open","ping_status":"open","sticky":false,"template":"","format":"standard","meta":{"footnotes":""},"categories":[1],"tags":[],"class_list":["post-23","post","type-post","status-publish","format-standard","hentry","category-allgemein"],"_links":{"self":[{"href":"https:\/\/podcast.ok-nahetv.de\/demokratie-erklaert\/wp-json\/wp\/v2\/posts\/23","targetHints":{"allow":["GET"]}}],"collection":[{"href":"https:\/\/podcast.ok-nahetv.de\/demokratie-erklaert\/wp-json\/wp\/v2\/posts"}],"about":[{"href":"https:\/\/podcast.ok-nahetv.de\/demokratie-erklaert\/wp-json\/wp\/v2\/types\/post"}],"author":[{"embeddable":true,"href":"https:\/\/podcast.ok-nahetv.de\/demokratie-erklaert\/wp-json\/wp\/v2\/users\/3"}],"replies":[{"embeddable":true,"href":"https:\/\/podcast.ok-nahetv.de\/demokratie-erklaert\/wp-json\/wp\/v2\/comments?post=23"}],"version-history":[{"count":3,"href":"https:\/\/podcast.ok-nahetv.de\/demokratie-erklaert\/wp-json\/wp\/v2\/posts\/23\/revisions"}],"predecessor-version":[{"id":28,"href":"https:\/\/podcast.ok-nahetv.de\/demokratie-erklaert\/wp-json\/wp\/v2\/posts\/23\/revisions\/28"}],"wp:attachment":[{"href":"https:\/\/podcast.ok-nahetv.de\/demokratie-erklaert\/wp-json\/wp\/v2\/media?parent=23"}],"wp:term":[{"taxonomy":"category","embeddable":true,"href":"https:\/\/podcast.ok-nahetv.de\/demokratie-erklaert\/wp-json\/wp\/v2\/categories?post=23"},{"taxonomy":"post_tag","embeddable":true,"href":"https:\/\/podcast.ok-nahetv.de\/demokratie-erklaert\/wp-json\/wp\/v2\/tags?post=23"}],"curies":[{"name":"wp","href":"https:\/\/api.w.org\/{rel}","templated":true}]}}